{"id":6405,"date":"2025-12-16T10:30:13","date_gmt":"2025-12-16T10:30:13","guid":{"rendered":"https:\/\/www.mutualitats.cat\/?p=6405"},"modified":"2025-12-16T12:20:31","modified_gmt":"2025-12-16T12:20:31","slug":"jordi-busquet-participa-primera-ponencia-parlamentaria-ley-ess","status":"publish","type":"post","link":"https:\/\/www.mutualitats.cat\/es\/jordi-busquet-participa-primera-ponencia-parlamentaria-ley-ess\/","title":{"rendered":"Jordi Busquet participa en la primera ponencia parlamentaria de la futura Ley de Econom\u00eda Social y Solidaria"},"content":{"rendered":"\n<p class=\"has-medium-font-size\"><em>El presidente de la Federaci\u00f3n de Mutualidades ha destacado el largo recorrido hist\u00f3rico de las entidades de la ESS y su papel estructural en la econom\u00eda del pa\u00eds.<\/em><\/p>\n\n\n\n<p class=\"has-small-font-size\">Barcelona, \u200b\u200b12 de diciembre de 2025.<\/p>\n\n\n\n<p class=\"has-small-font-size\">El Parlamento de Catalu\u00f1a ha acogido las primeras ponencias del futuro Proyecto de ley de la econom\u00eda social y solidaria con una primera intervenci\u00f3n del presidente de la Federaci\u00f3n de Mutualidades, Jordi Busquet. Tambi\u00e9n ha participado Juli Mart\u00ednez del Colegio de Educadoras y Educadores Sociales de Catalunya (CEESC). Estas dos primeras intervenciones han coincidido en la necesidad de definir con rigor el marco de la ESS para garantizar que la futura norma preserve los valores que hist\u00f3ricamente han vertebrado el sector.<\/p>\n\n\n\n<p class=\"has-small-font-size\">Jordi Busquet ha recordado que la Federaci\u00f3n de Mutualidades forma parte de la Asociaci\u00f3n Econom\u00eda Social Catalu\u00f1a (AESCAT) y que las organizaciones de la econom\u00eda social y solidaria \u00abinvertimos en pa\u00eds, generamos puestos de trabajo estables y tenemos impacto en el territorio\u00bb.<\/p>\n\n\n\n<p class=\"has-small-font-size\">Por otra parte, Busquet ha alertado del riesgo de la apropiaci\u00f3n indebida del concepto de ESS por parte de empresas que no cumplen los criterios: \u00abUna empresa que se defina como responsable no tiene por qu\u00e9 ser una entidad de la econom\u00eda social y solidaria\u00bb. Por eso, ha defendido que la futura ley establezca un marco normativo s\u00f3lido, capaz de preservar la esencia del sector y de impulsarlo como herramienta estrat\u00e9gica para el desarrollo econ\u00f3mico y social de Catalunya.<\/p>\n\n\n\n<p class=\"has-small-font-size\">Finalmente ha destacado el proceso democr\u00e1tico y participativo que ha llevado a la AESCAT a elaborar un documento de consenso, realizando investigaci\u00f3n internacional e incorporando las aportaciones de m\u00e1s de 500 organizaciones.<\/p>\n\n\n\n<p><strong>Las preguntas planteadas por los grupos parlamentarios<\/strong><\/p>\n\n\n\n<p class=\"has-small-font-size\">Tras escuchar atentamente las intervenciones de Jordi Busquet y Juli Mart\u00ednez, los distintos grupos parlamentarios han planteado algunas preguntas sobre los requisitos para formar parte de la ESS. En concreto se han interesado por la participaci\u00f3n democr\u00e1tica, la calidad del servicio, la relaci\u00f3n entre lucro y beneficio, el efecto sobre la rentabilidad, el papel del Consejo y del Plan Nacional de la ESS, y la necesidad de garantizar que la norma no excluya a ninguna organizaci\u00f3n que realmente sea parte del sector. El debate ha evidenciado la voluntad general de seguir avanzando hacia un texto ampliamente consensuado.<\/p>\n\n\n\n<p><strong>El modelo \u00e9tico de organizaciones de la ESS como la Federaci\u00f3n de Mutualidades<\/strong><\/p>\n\n\n\n<p class=\"has-small-font-size\">Las empresas y entidades que forman parte de la ESS en Catalu\u00f1a suman m\u00e1s de 7.400 organizaciones, 140.000 empleos y una facturaci\u00f3n total de 8.000 millones de euros.<\/p>\n\n\n\n<p class=\"has-small-font-size\">Adem\u00e1s, las entidades que pertenecen a la Federaci\u00f3n de Mutualidades de Catalunya reinvierten los beneficios en mejoras y servicios para sus mutualistas, est\u00e1n formadas por personas, toman las decisiones de forma democr\u00e1tica y priorizan el inter\u00e9s colectivo por encima del capital.<\/p>\n\n\n\n<p><strong>Campa\u00f1a de comunicaci\u00f3n \u00abLa econom\u00eda que emociona\u00bb<\/strong><\/p>\n\n\n\n<p class=\"has-small-font-size\">Paralelamente al inicio de las intervenciones parlamentarias de la futura ley de la econom\u00eda social y solidaria se ha iniciado la campa\u00f1a de comunicaci\u00f3n \u00abLa econom\u00eda que emociona\u00bb de la AESCAT. Una iniciativa que reivindica el valor transformador de la ESS como una econom\u00eda que funciona, cuida y transforma.<\/p>\n","protected":false},"excerpt":{"rendered":"<p>El presidente de la Federaci\u00f3n de Mutualidades ha destacado el largo recorrido hist\u00f3rico de las entidades de la ESS y su papel estructural en la econom\u00eda del pa\u00eds. Barcelona, \u200b\u200b12 de diciembre de 2025. El Parlamento de Catalu\u00f1a ha acogido las primeras ponencias del futuro Proyecto de ley de la econom\u00eda social y solidaria con [&hellip;]<\/p>\n","protected":false},"author":1,"featured_media":6393,"comment_status":"open","ping_status":"open","sticky":false,"template":"","format":"standard","meta":{"footnotes":""},"categories":[69,210],"tags":[170,171,217,98,220,218],"class_list":["post-6405","post","type-post","status-publish","format-standard","has-post-thumbnail","hentry","category-noticias","category-noticias-de-federacio","tag-cataluna","tag-celebra-2","tag-inicio","tag-mutualidades","tag-parlamentarias","tag-ponencias"],"_links":{"self":[{"href":"https:\/\/www.mutualitats.cat\/es\/wp-json\/wp\/v2\/posts\/6405","targetHints":{"allow":["GET"]}}],"collection":[{"href":"https:\/\/www.mutualitats.cat\/es\/wp-json\/wp\/v2\/posts"}],"about":[{"href":"https:\/\/www.mutualitats.cat\/es\/wp-json\/wp\/v2\/types\/post"}],"author":[{"embeddable":true,"href":"https:\/\/www.mutualitats.cat\/es\/wp-json\/wp\/v2\/users\/1"}],"replies":[{"embeddable":true,"href":"https:\/\/www.mutualitats.cat\/es\/wp-json\/wp\/v2\/comments?post=6405"}],"version-history":[{"count":3,"href":"https:\/\/www.mutualitats.cat\/es\/wp-json\/wp\/v2\/posts\/6405\/revisions"}],"predecessor-version":[{"id":6409,"href":"https:\/\/www.mutualitats.cat\/es\/wp-json\/wp\/v2\/posts\/6405\/revisions\/6409"}],"wp:featuredmedia":[{"embeddable":true,"href":"https:\/\/www.mutualitats.cat\/es\/wp-json\/wp\/v2\/media\/6393"}],"wp:attachment":[{"href":"https:\/\/www.mutualitats.cat\/es\/wp-json\/wp\/v2\/media?parent=6405"}],"wp:term":[{"taxonomy":"category","embeddable":true,"href":"https:\/\/www.mutualitats.cat\/es\/wp-json\/wp\/v2\/categories?post=6405"},{"taxonomy":"post_tag","embeddable":true,"href":"https:\/\/www.mutualitats.cat\/es\/wp-json\/wp\/v2\/tags?post=6405"}],"curies":[{"name":"wp","href":"https:\/\/api.w.org\/{rel}","templated":true}]}}