{"id":6101,"date":"2025-06-03T13:58:42","date_gmt":"2025-06-03T13:58:42","guid":{"rendered":"https:\/\/www.mutualitats.cat\/?p=6101"},"modified":"2025-06-03T14:01:02","modified_gmt":"2025-06-03T14:01:02","slug":"mutualidades-mantienen-tendencia-crecimiento","status":"publish","type":"post","link":"https:\/\/www.mutualitats.cat\/es\/mutualidades-mantienen-tendencia-crecimiento\/","title":{"rendered":"Las mutualidades de Previsi\u00f3n Social mantienen la tendencia creciente de los \u00faltimos a\u00f1os"},"content":{"rendered":"\n<p><em>Barcelona, 2 de Juny 2025<\/em><\/p>\n\n\n\n<h2 class=\"wp-block-heading has-small-font-size\">La Federaci\u00f3n de Mutualidades de Catalu\u00f1a presenta los datos del sector en la Asamblea Anual<\/h2>\n\n\n\n<p class=\"has-small-font-size\">La Asamblea General Ordinaria de la Federaci\u00f3n de Mutualidades de Catalu\u00f1a, ha analizado las actividades del sector durante el a\u00f1o 2024 y ha presentado las novedades en los servicios de la entidad. Un encuentro que tambi\u00e9n ha servido para aprobar sus cuentas anuales.<\/p>\n\n\n\n<p class=\"has-small-font-size\">En el <strong>Estudio anual comparativo de los datos del sector 2024<\/strong> se mantiene la tendencia de crecimiento, con un volumen de primas de 317 millones de euros, un 11,19% por encima del ejercicio anterior.<\/p>\n\n\n\n<p class=\"has-small-font-size\">Del total, 130 millones de euros corresponden a los ramos personales de \u00abno vida\u00bb y 187 millones a los ramos personales de \u00abvida\u00bb.<\/p>\n\n\n\n<p class=\"has-small-font-size\">Las mutualidades de previsi\u00f3n social, un modelo singular de seguros \u00e9ticos en la econom\u00eda social, ofrecen cobertura y protecci\u00f3n a casi dos millones de personas con diversos productos de p\u00f3lizas personales.<\/p>\n\n\n\n<p class=\"has-small-font-size\">Las provisiones t\u00e9cnicas totalizaron 1.931 millones de euros por unos activos de 2.564 millones, es decir, que la relaci\u00f3n de los activos sobre las provisiones t\u00e9cnicas alcanza el 132,78%. El total de fondos propios para dar cobertura al capital obligatorio de solvencia es de 599 millones, lo que supone un super\u00e1vit de cobertura del 269%.<\/p>\n\n\n\n<p class=\"has-small-font-size\">Lo mismo ocurre con los fondos propios para dar cobertura al capital m\u00ednimo obligatorio de Solvencia, que es de 587 millones, suponiendo un super\u00e1vit de cobertura del 867%.<\/p>\n\n\n\n<p class=\"has-small-font-size\">Cabe destacar tambi\u00e9n la presentaci\u00f3n de la <strong>Memoria social del sector<\/strong>, que recoge las actividades de car\u00e1cter social de las mutualidades federadas y el impacto econ\u00f3mico que comporta. Muestra la fuerte implantaci\u00f3n de las mutualidades en la sociedad civil y en su territorio, as\u00ed como el car\u00e1cter no lucrativo de las mutualidades de previsi\u00f3n social catalanas.<\/p>\n\n\n\n<p class=\"has-small-font-size\">Las actividades descritas en la memoria conllevan una inversi\u00f3n total por parte de las mutualidades, de cerca de medio mill\u00f3n de euros.<\/p>\n","protected":false},"excerpt":{"rendered":"<p>Barcelona, 2 de Juny 2025 La Federaci\u00f3n de Mutualidades de Catalu\u00f1a presenta los datos del sector en la Asamblea Anual La Asamblea General Ordinaria de la Federaci\u00f3n de Mutualidades de Catalu\u00f1a, ha analizado las actividades del sector durante el a\u00f1o 2024 y ha presentado las novedades en los servicios de la entidad. Un encuentro que [&hellip;]<\/p>\n","protected":false},"author":1,"featured_media":6095,"comment_status":"open","ping_status":"open","sticky":false,"template":"","format":"standard","meta":{"footnotes":""},"categories":[69,120],"tags":[158,157,160,98,159,162,163,161],"class_list":["post-6101","post","type-post","status-publish","format-standard","has-post-thumbnail","hentry","category-noticias","category-noticies-federacio","tag-asamblea","tag-crecimiento","tag-general-2","tag-mutualidades","tag-ordinaria-2","tag-prevision","tag-social","tag-tendencia-2"],"_links":{"self":[{"href":"https:\/\/www.mutualitats.cat\/es\/wp-json\/wp\/v2\/posts\/6101","targetHints":{"allow":["GET"]}}],"collection":[{"href":"https:\/\/www.mutualitats.cat\/es\/wp-json\/wp\/v2\/posts"}],"about":[{"href":"https:\/\/www.mutualitats.cat\/es\/wp-json\/wp\/v2\/types\/post"}],"author":[{"embeddable":true,"href":"https:\/\/www.mutualitats.cat\/es\/wp-json\/wp\/v2\/users\/1"}],"replies":[{"embeddable":true,"href":"https:\/\/www.mutualitats.cat\/es\/wp-json\/wp\/v2\/comments?post=6101"}],"version-history":[{"count":7,"href":"https:\/\/www.mutualitats.cat\/es\/wp-json\/wp\/v2\/posts\/6101\/revisions"}],"predecessor-version":[{"id":6112,"href":"https:\/\/www.mutualitats.cat\/es\/wp-json\/wp\/v2\/posts\/6101\/revisions\/6112"}],"wp:featuredmedia":[{"embeddable":true,"href":"https:\/\/www.mutualitats.cat\/es\/wp-json\/wp\/v2\/media\/6095"}],"wp:attachment":[{"href":"https:\/\/www.mutualitats.cat\/es\/wp-json\/wp\/v2\/media?parent=6101"}],"wp:term":[{"taxonomy":"category","embeddable":true,"href":"https:\/\/www.mutualitats.cat\/es\/wp-json\/wp\/v2\/categories?post=6101"},{"taxonomy":"post_tag","embeddable":true,"href":"https:\/\/www.mutualitats.cat\/es\/wp-json\/wp\/v2\/tags?post=6101"}],"curies":[{"name":"wp","href":"https:\/\/api.w.org\/{rel}","templated":true}]}}