{"id":6055,"date":"2025-05-19T09:31:45","date_gmt":"2025-05-19T09:31:45","guid":{"rendered":"https:\/\/www.mutualitats.cat\/?p=6055"},"modified":"2025-05-19T09:31:50","modified_gmt":"2025-05-19T09:31:50","slug":"presidente-federacion-se-reune-salvador-illa","status":"publish","type":"post","link":"https:\/\/www.mutualitats.cat\/es\/presidente-federacion-se-reune-salvador-illa\/","title":{"rendered":"El presidente de la Federaci\u00f3n de Mutualidades se re\u00fane con Salvador Illa"},"content":{"rendered":"\n<p><em>El encuentro ha servido para reforzar la colaboraci\u00f3n de la Generalitat con entidades del tejido social catal\u00e1n como la Federaci\u00f3n de Mutualidades.<\/em><\/p>\n\n\n\n<p>5 de mayo de 2025, Barcelona<\/p>\n\n\n\n<p>El presidente de la Federaci\u00f3n de Mutualidades de Catalu\u00f1a, Jordi Busquet, se reuni\u00f3 el pasado 30 de abril con el presidente de la Generalitat, Salvador Illa, en un encuentro institucional celebrado en el Palau de la Generalitat. A la reuni\u00f3n asistieron tambi\u00e9n el vicepresidente de la Federaci\u00f3n, Carles Aurich; el secretario de la Junta Rectora, Josep Rius, y el director general, Crist\u00f3bal Sarrias. Por parte del Govern, ha participado el secretario general de Econom\u00eda y Finanzas, Juli Fern\u00e1ndez.<\/p>\n\n\n\n<p>Durante el encuentro se puso en valor el papel fundamental que desarrollan las mutualidades de previsi\u00f3n social en Catalu\u00f1a, entidades sin \u00e1nimo de lucro que dan cobertura sanitaria y de otros riesgos personales a m\u00e1s de un mill\u00f3n de personas en todo el pa\u00eds.<\/p>\n\n\n\n<p>Por parte de la Generalitat se coincidi\u00f3 en reconocer la funci\u00f3n social y econ\u00f3mica que estas entidades desempe\u00f1an en el tejido territorial del pa\u00eds y ofreci\u00f3 su apoyo, tanto para dar mayor visibilidad a las mutualidades como por el mantenimiento y desarrollo del modelo mutualista en el territorio.<\/p>\n\n\n\n<p>Por otra parte, y como resultado de la reuni\u00f3n, ambas partes acordaron abrir v\u00edas de colaboraci\u00f3n orientadas al desarrollo de proyectos conjuntos que contribuyan al bienestar colectivo y refuercen la cohesi\u00f3n territorial.<\/p>\n\n\n\n<figure class=\"wp-block-image size-large\"><img loading=\"lazy\" decoding=\"async\" width=\"1030\" height=\"687\" src=\"https:\/\/www.mutualitats.cat\/wp-content\/uploads\/2025\/05\/processed-D34E0E00-5E6F-4089-A521-F4337C8F6F51-copia-1030x687.jpeg\" alt=\"\" class=\"wp-image-6058\" srcset=\"https:\/\/www.mutualitats.cat\/wp-content\/uploads\/2025\/05\/processed-D34E0E00-5E6F-4089-A521-F4337C8F6F51-copia-1030x687.jpeg 1030w, https:\/\/www.mutualitats.cat\/wp-content\/uploads\/2025\/05\/processed-D34E0E00-5E6F-4089-A521-F4337C8F6F51-copia-300x200.jpeg 300w, https:\/\/www.mutualitats.cat\/wp-content\/uploads\/2025\/05\/processed-D34E0E00-5E6F-4089-A521-F4337C8F6F51-copia-768x512.jpeg 768w, https:\/\/www.mutualitats.cat\/wp-content\/uploads\/2025\/05\/processed-D34E0E00-5E6F-4089-A521-F4337C8F6F51-copia-1536x1024.jpeg 1536w, https:\/\/www.mutualitats.cat\/wp-content\/uploads\/2025\/05\/processed-D34E0E00-5E6F-4089-A521-F4337C8F6F51-copia-2048x1366.jpeg 2048w, https:\/\/www.mutualitats.cat\/wp-content\/uploads\/2025\/05\/processed-D34E0E00-5E6F-4089-A521-F4337C8F6F51-copia-1500x1000.jpeg 1500w, https:\/\/www.mutualitats.cat\/wp-content\/uploads\/2025\/05\/processed-D34E0E00-5E6F-4089-A521-F4337C8F6F51-copia-705x470.jpeg 705w\" sizes=\"auto, (max-width: 1030px) 100vw, 1030px\" \/><\/figure>\n","protected":false},"excerpt":{"rendered":"<p>El encuentro ha servido para reforzar la colaboraci\u00f3n de la Generalitat con entidades del tejido social catal\u00e1n como la Federaci\u00f3n de Mutualidades. 5 de mayo de 2025, Barcelona El presidente de la Federaci\u00f3n de Mutualidades de Catalu\u00f1a, Jordi Busquet, se reuni\u00f3 el pasado 30 de abril con el presidente de la Generalitat, Salvador Illa, en [&hellip;]<\/p>\n","protected":false},"author":1,"featured_media":6036,"comment_status":"open","ping_status":"open","sticky":false,"template":"","format":"standard","meta":{"footnotes":""},"categories":[69,120],"tags":[],"class_list":["post-6055","post","type-post","status-publish","format-standard","has-post-thumbnail","hentry","category-noticias","category-noticies-federacio"],"_links":{"self":[{"href":"https:\/\/www.mutualitats.cat\/es\/wp-json\/wp\/v2\/posts\/6055","targetHints":{"allow":["GET"]}}],"collection":[{"href":"https:\/\/www.mutualitats.cat\/es\/wp-json\/wp\/v2\/posts"}],"about":[{"href":"https:\/\/www.mutualitats.cat\/es\/wp-json\/wp\/v2\/types\/post"}],"author":[{"embeddable":true,"href":"https:\/\/www.mutualitats.cat\/es\/wp-json\/wp\/v2\/users\/1"}],"replies":[{"embeddable":true,"href":"https:\/\/www.mutualitats.cat\/es\/wp-json\/wp\/v2\/comments?post=6055"}],"version-history":[{"count":2,"href":"https:\/\/www.mutualitats.cat\/es\/wp-json\/wp\/v2\/posts\/6055\/revisions"}],"predecessor-version":[{"id":6060,"href":"https:\/\/www.mutualitats.cat\/es\/wp-json\/wp\/v2\/posts\/6055\/revisions\/6060"}],"wp:featuredmedia":[{"embeddable":true,"href":"https:\/\/www.mutualitats.cat\/es\/wp-json\/wp\/v2\/media\/6036"}],"wp:attachment":[{"href":"https:\/\/www.mutualitats.cat\/es\/wp-json\/wp\/v2\/media?parent=6055"}],"wp:term":[{"taxonomy":"category","embeddable":true,"href":"https:\/\/www.mutualitats.cat\/es\/wp-json\/wp\/v2\/categories?post=6055"},{"taxonomy":"post_tag","embeddable":true,"href":"https:\/\/www.mutualitats.cat\/es\/wp-json\/wp\/v2\/tags?post=6055"}],"curies":[{"name":"wp","href":"https:\/\/api.w.org\/{rel}","templated":true}]}}