{"id":5858,"date":"2025-01-28T10:58:56","date_gmt":"2025-01-28T10:58:56","guid":{"rendered":"https:\/\/www.mutualitats.cat\/?p=5858"},"modified":"2025-02-06T12:11:57","modified_gmt":"2025-02-06T12:11:57","slug":"aprobacion-proyecto-ley-economia-social-solidaria","status":"publish","type":"post","link":"https:\/\/www.mutualitats.cat\/es\/aprobacion-proyecto-ley-economia-social-solidaria\/","title":{"rendered":"Celebramos la aprobaci\u00f3n del proyecto de ley de la Econom\u00eda Social y Solidaria"},"content":{"rendered":"\n<p><strong>En Catalu\u00f1a m\u00e1s de 7.400 organizaciones pertenecen al \u00e1mbito de la ESS y dan empleo a 140.000 personas.<\/strong><\/p>\n\n\n\n<p class=\"has-small-font-size\"><em>27 de enero de 2025, Barcelona<\/em><em><\/em><\/p>\n\n\n\n<p class=\"has-small-font-size\">El presidente de la Federaci\u00f3n de Mutualidades de Catalunya, Jordi Busquet, valora \u00abmuy positivamente\u00bb la aprobaci\u00f3n por parte del Gobierno del <strong>proyecto de ley de la Econom\u00eda Social y Solidaria<\/strong>. De esta forma se da luz verde a la tramitaci\u00f3n parlamentaria que permitir\u00e1 llevar adelante una normativa que <strong>impulsar\u00e1 el sector de la econom\u00eda social en la econom\u00eda catalana<\/strong>.<\/p>\n\n\n\n<h2 class=\"wp-block-heading has-medium-font-size\"><strong>Los objetivos de la futura ley de la Econom\u00eda Social y Solidaria<\/strong><\/h2>\n\n\n\n<p class=\"has-small-font-size\">Busquet considera que \u00abesta ley ser\u00e1 muy positiva para el desarrollo y crecimiento del sector\u00bb, ya que establecer\u00e1 un <strong>marco jur\u00eddico que regular\u00e1 la actividad<\/strong> de estas entidades, entre ellas las mutualidades. <strong>Tambi\u00e9n se crear\u00e1 un registro oficial que contabilizar\u00e1 el n\u00famero exacto de entidades de la ESS<\/strong> en Catalu\u00f1a mediante unos criterios y caracter\u00edsticas espec\u00edficas. De esta forma, ayuntamientos y consumidores podr\u00e1n priorizar la contrataci\u00f3n de servicios con organizaciones que tengan valores \u00e9ticos.<\/p>\n\n\n\n<p class=\"has-small-font-size\">El texto a debatir y aprobar en el Parlamento permitir\u00e1 la <strong>creaci\u00f3n de puestos de trabajo estables y locales<\/strong>; impulsar\u00e1 una <strong>econom\u00eda m\u00e1s arraigada en el territorio<\/strong>, apostando por la <strong>sostenibilidad y el bienestar colectivo<\/strong>; y fomentar\u00e1 un modelo basado en valores como la <strong>participaci\u00f3n, la igualdad y el bien com\u00fan<\/strong>.<\/p>\n\n\n\n<h2 class=\"wp-block-heading has-medium-font-size\">El impacto de la ESS en Catalu\u00f1a<\/h2>\n\n\n\n<p class=\"has-small-font-size\">La futura ley representa un reconocimiento al impacto que estas empresas suponen en el tejido econ\u00f3mico catal\u00e1n, con m\u00e1s de 7.400 organizaciones, 140.000 empleos y una facturaci\u00f3n total de 8.000 millones de euros.<\/p>\n\n\n\n<p class=\"has-small-font-size\">La futura ley de la Econom\u00eda Social y Solidaria quiere potenciar el crecimiento, el empleo y la competitividad, priorizando a las personas y la vida por encima del lucro econ\u00f3mico. Tambi\u00e9n fomentar\u00e1 un crecimiento econ\u00f3mico sostenible, inclusivo y arraigado en el territorio. La normativa, en definitiva, fortalecer\u00e1 la representaci\u00f3n de las entidades de la econom\u00eda social y solidaria.<\/p>\n\n\n\n<h2 class=\"wp-block-heading has-medium-font-size\">El papel de las mutualidades en la econom\u00eda social y solidaria<\/h2>\n\n\n\n<p class=\"has-small-font-size\">Las entidades que pertenecen a la Federaci\u00f3n de Mutualidades de Catalunya reinvierten los beneficios en mejoras y servicios para sus mutualistas, est\u00e1n formadas por personas, toman las decisiones de forma democr\u00e1tica y priorizan el inter\u00e9s colectivo por delante del capital.<\/p>\n","protected":false},"excerpt":{"rendered":"<p>En Catalu\u00f1a m\u00e1s de 7.400 organizaciones pertenecen al \u00e1mbito de la ESS y dan empleo a 140.000 personas. 27 de enero de 2025, Barcelona El presidente de la Federaci\u00f3n de Mutualidades de Catalunya, Jordi Busquet, valora \u00abmuy positivamente\u00bb la aprobaci\u00f3n por parte del Gobierno del proyecto de ley de la Econom\u00eda Social y Solidaria. De [&hellip;]<\/p>\n","protected":false},"author":1,"featured_media":5850,"comment_status":"open","ping_status":"open","sticky":false,"template":"","format":"standard","meta":{"footnotes":""},"categories":[69],"tags":[],"class_list":["post-5858","post","type-post","status-publish","format-standard","has-post-thumbnail","hentry","category-noticias"],"_links":{"self":[{"href":"https:\/\/www.mutualitats.cat\/es\/wp-json\/wp\/v2\/posts\/5858","targetHints":{"allow":["GET"]}}],"collection":[{"href":"https:\/\/www.mutualitats.cat\/es\/wp-json\/wp\/v2\/posts"}],"about":[{"href":"https:\/\/www.mutualitats.cat\/es\/wp-json\/wp\/v2\/types\/post"}],"author":[{"embeddable":true,"href":"https:\/\/www.mutualitats.cat\/es\/wp-json\/wp\/v2\/users\/1"}],"replies":[{"embeddable":true,"href":"https:\/\/www.mutualitats.cat\/es\/wp-json\/wp\/v2\/comments?post=5858"}],"version-history":[{"count":7,"href":"https:\/\/www.mutualitats.cat\/es\/wp-json\/wp\/v2\/posts\/5858\/revisions"}],"predecessor-version":[{"id":5865,"href":"https:\/\/www.mutualitats.cat\/es\/wp-json\/wp\/v2\/posts\/5858\/revisions\/5865"}],"wp:featuredmedia":[{"embeddable":true,"href":"https:\/\/www.mutualitats.cat\/es\/wp-json\/wp\/v2\/media\/5850"}],"wp:attachment":[{"href":"https:\/\/www.mutualitats.cat\/es\/wp-json\/wp\/v2\/media?parent=5858"}],"wp:term":[{"taxonomy":"category","embeddable":true,"href":"https:\/\/www.mutualitats.cat\/es\/wp-json\/wp\/v2\/categories?post=5858"},{"taxonomy":"post_tag","embeddable":true,"href":"https:\/\/www.mutualitats.cat\/es\/wp-json\/wp\/v2\/tags?post=5858"}],"curies":[{"name":"wp","href":"https:\/\/api.w.org\/{rel}","templated":true}]}}