{"id":3156,"date":"2020-10-20T11:55:22","date_gmt":"2020-10-20T11:55:22","guid":{"rendered":"https:\/\/www2.mutualitats.cat\/que-has-de-saber-de-leconomia-social-i-solidaria\/"},"modified":"2025-01-13T13:05:07","modified_gmt":"2025-01-13T13:05:07","slug":"que-has-de-saber-de-leconomia-social-i-solidaria","status":"publish","type":"post","link":"https:\/\/www.mutualitats.cat\/es\/que-has-de-saber-de-leconomia-social-i-solidaria\/","title":{"rendered":"\u00bfQu\u00e9 debes saber de la econom\u00eda social y solidaria?"},"content":{"rendered":"<p>La econom\u00eda social y solidaria, tambi\u00e9n conocida con las siglas ESS, es el conjunto de iniciativas socioecon\u00f3micas, informales o formales, colectivas o individuales, que dan prioridad a la satisfacci\u00f3n de las necesidades de las personas por encima del \u00e1nimo de lucro. Otra de sus caracter\u00edsticas es que es independiente respecto a los poderes p\u00fablicos y act\u00faa orientada por valores como la solidaridad, la participaci\u00f3n, la equidad, la inclusi\u00f3n y el compromiso con la comunidad. Adem\u00e1s, es promotora del cambio social.<\/p>\n<p><strong>Caracter\u00edsticas de la econom\u00eda social y solidaria<\/strong><\/p>\n<p>Las iniciativas que la conforman son muy diversas, pero todas comparten elementos comunes que definen el car\u00e1cter transformador de la misma:<\/p>\n<p>El compromiso con la sociedad. Las organizaciones que forman parte de la econom\u00eda social y solidaria contribuyen a mejorar la sociedad mediante la creaci\u00f3n de puestos de trabajo, la prestaci\u00f3n de servicio, el apoyo a las causas sociales, la vinculaci\u00f3n con el territorio, la colaboraci\u00f3n con movimientos sociales transformadores.<\/p>\n<p>La orientaci\u00f3n a las necesidades. La EES quiere recuperar la funci\u00f3n originaria de la econom\u00eda poni\u00e9ndola al servicio de las personas para gestionar los recursos equitativamente y explotarlos de forma sostenible, as\u00ed como para crear un modelo de producci\u00f3n que convierta el trabajo en un instrumento de satisfacci\u00f3n de las necesidades humanas.<\/p>\n<p>La gesti\u00f3n democr\u00e1tica y participativa. Aqu\u00ed se cambia el modelo organizativo jer\u00e1rquico donde unas cuantas personas controlan, gestionan y deciden acerca de los recursos, el patrimonio y el futuro, puesto que la econom\u00eda social y solidaria introduce la democracia en la econom\u00eda y la empresa.<\/p>\n<p><strong>La econom\u00eda social y solidaria en cifras<\/strong><\/p>\n<p>Las entidades de la econom\u00eda social y solidaria representan una actividad econ\u00f3mica que no se puede menospreciar. En Europa, en 2010, CIRIEC-Internacional cuantific\u00f3 en aproximadamente 2 millones las entidades de la econom\u00eda social y solidaria (el 10-12% de todas las empresas de la UE), se\u00f1alando que daban trabajo a casi 14,5 millones de personas (el 6,5% del total de la poblaci\u00f3n trabajadora de la Uni\u00f3n Europea). El Estado espa\u00f1ol es el noveno del mundo en cuanto a poblaci\u00f3n empleada en la econom\u00eda social y solidaria respecto al total de la poblaci\u00f3n trabajadora, lo que genera aproximadamente 2.225.000 puestos de trabajo, tanto directos como indirectos, que representan un 12,5% del total.<\/p>\n<p>\u00a0<\/p>\n\n\n<p><\/p>\n","protected":false},"excerpt":{"rendered":"<p>La econom\u00eda social y solidaria, tambi\u00e9n conocida con las siglas ESS, es el conjunto de iniciativas socioecon\u00f3micas, informales o formales, colectivas o individuales, que dan prioridad a la satisfacci\u00f3n de las necesidades de las personas por encima del \u00e1nimo de lucro. Otra de sus caracter\u00edsticas es que es independiente respecto a los poderes p\u00fablicos y [&hellip;]<\/p>\n","protected":false},"author":1,"featured_media":3157,"comment_status":"open","ping_status":"open","sticky":false,"template":"","format":"standard","meta":{"footnotes":""},"categories":[69],"tags":[],"class_list":["post-3156","post","type-post","status-publish","format-standard","has-post-thumbnail","hentry","category-noticias"],"_links":{"self":[{"href":"https:\/\/www.mutualitats.cat\/es\/wp-json\/wp\/v2\/posts\/3156","targetHints":{"allow":["GET"]}}],"collection":[{"href":"https:\/\/www.mutualitats.cat\/es\/wp-json\/wp\/v2\/posts"}],"about":[{"href":"https:\/\/www.mutualitats.cat\/es\/wp-json\/wp\/v2\/types\/post"}],"author":[{"embeddable":true,"href":"https:\/\/www.mutualitats.cat\/es\/wp-json\/wp\/v2\/users\/1"}],"replies":[{"embeddable":true,"href":"https:\/\/www.mutualitats.cat\/es\/wp-json\/wp\/v2\/comments?post=3156"}],"version-history":[{"count":1,"href":"https:\/\/www.mutualitats.cat\/es\/wp-json\/wp\/v2\/posts\/3156\/revisions"}],"predecessor-version":[{"id":5826,"href":"https:\/\/www.mutualitats.cat\/es\/wp-json\/wp\/v2\/posts\/3156\/revisions\/5826"}],"wp:featuredmedia":[{"embeddable":true,"href":"https:\/\/www.mutualitats.cat\/es\/wp-json\/wp\/v2\/media\/3157"}],"wp:attachment":[{"href":"https:\/\/www.mutualitats.cat\/es\/wp-json\/wp\/v2\/media?parent=3156"}],"wp:term":[{"taxonomy":"category","embeddable":true,"href":"https:\/\/www.mutualitats.cat\/es\/wp-json\/wp\/v2\/categories?post=3156"},{"taxonomy":"post_tag","embeddable":true,"href":"https:\/\/www.mutualitats.cat\/es\/wp-json\/wp\/v2\/tags?post=3156"}],"curies":[{"name":"wp","href":"https:\/\/api.w.org\/{rel}","templated":true}]}}